{"id":7936,"date":"2020-12-01T13:22:00","date_gmt":"2020-12-01T12:22:00","guid":{"rendered":"https:\/\/numalis.com\/?p=7936"},"modified":"2025-01-23T12:24:16","modified_gmt":"2025-01-23T11:24:16","slug":"numalis-rejoint-deux-consortiums-programmes-edidp-2021","status":"publish","type":"post","link":"https:\/\/numalis.com\/fr\/numalis-rejoint-deux-consortiums-programmes-edidp-2021\/","title":{"rendered":"Numalis rejoint deux consortiums pour les programmes EDIDP 2021"},"content":{"rendered":"\n<p>En d\u00e9cembre 2021, Numalis a rejoint deux groupements d&rsquo;entreprises dans le cadre du Programme europ\u00e9en de d\u00e9veloppement industriel de la d\u00e9fense (EDIDP).<\/p>\n\n\n\n<p>Ces programmes ambitieux visent \u00e0 cofinancer le d\u00e9veloppement de technologies li\u00e9es \u00e0 la d\u00e9fense. Numalis a \u00e9t\u00e9 s\u00e9lectionn\u00e9 pour faire partie de deux consortiums afin de mener deux projets phares du programme : EDIDP CUAS (Counter Unmanned Air Systems capabilities &#8211; UASs) et EDIDP AI (artificial intelligence). Le premier projet vise \u00e0 exp\u00e9rimenter de nouveaux dispositifs d&rsquo;identification et de neutralisation des drones \u00e0 bord des h\u00e9licopt\u00e8res de combat. Face \u00e0 la menace des drones arm\u00e9s et collecteurs de renseignements, la n\u00e9cessit\u00e9 de d\u00e9velopper des contre-mesures actives et passives est devenue primordiale. Le deuxi\u00e8me projet (EDIDP AI) vise \u00e0 d\u00e9finir des technologies et des solutions logicielles avanc\u00e9es en mati\u00e8re d&rsquo;IA. Ce projet vise \u00e0 proposer des solutions innovantes bas\u00e9es sur l&rsquo;IA, en particulier pour le contr\u00f4le-commande et le combat collaboratif.<\/p>\n\n\n\n<p><\/p>\n","protected":false},"excerpt":{"rendered":"<p>En d\u00e9cembre 2021, Numalis a rejoint deux groupements d&rsquo;entreprises dans le cadre du Programme europ\u00e9en de d\u00e9veloppement industriel de la d\u00e9fense (EDIDP). Ces programmes ambitieux visent \u00e0 cofinancer le d\u00e9veloppement de technologies li\u00e9es \u00e0 la d\u00e9fense. Numalis a \u00e9t\u00e9 s\u00e9lectionn\u00e9 pour faire partie de deux consortiums afin de mener deux projets phares du programme : [&hellip;]<\/p>\n","protected":false},"author":8,"featured_media":6218,"comment_status":"closed","ping_status":"closed","sticky":false,"template":"","format":"standard","meta":{"_acf_changed":false,"_seopress_robots_primary_cat":"none","_seopress_titles_title":"","_seopress_titles_desc":"","_seopress_robots_index":"","footnotes":""},"categories":[151],"tags":[182],"class_list":["post-7936","post","type-post","status-publish","format-standard","has-post-thumbnail","hentry","category-actualite","tag-projet"],"acf":[],"_links":{"self":[{"href":"https:\/\/numalis.com\/fr\/wp-json\/wp\/v2\/posts\/7936","targetHints":{"allow":["GET"]}}],"collection":[{"href":"https:\/\/numalis.com\/fr\/wp-json\/wp\/v2\/posts"}],"about":[{"href":"https:\/\/numalis.com\/fr\/wp-json\/wp\/v2\/types\/post"}],"author":[{"embeddable":true,"href":"https:\/\/numalis.com\/fr\/wp-json\/wp\/v2\/users\/8"}],"replies":[{"embeddable":true,"href":"https:\/\/numalis.com\/fr\/wp-json\/wp\/v2\/comments?post=7936"}],"version-history":[{"count":0,"href":"https:\/\/numalis.com\/fr\/wp-json\/wp\/v2\/posts\/7936\/revisions"}],"wp:featuredmedia":[{"embeddable":true,"href":"https:\/\/numalis.com\/fr\/wp-json\/wp\/v2\/media\/6218"}],"wp:attachment":[{"href":"https:\/\/numalis.com\/fr\/wp-json\/wp\/v2\/media?parent=7936"}],"wp:term":[{"taxonomy":"category","embeddable":true,"href":"https:\/\/numalis.com\/fr\/wp-json\/wp\/v2\/categories?post=7936"},{"taxonomy":"post_tag","embeddable":true,"href":"https:\/\/numalis.com\/fr\/wp-json\/wp\/v2\/tags?post=7936"}],"curies":[{"name":"wp","href":"https:\/\/api.w.org\/{rel}","templated":true}]}}