{"id":8077,"date":"2024-03-08T13:50:00","date_gmt":"2024-03-08T12:50:00","guid":{"rendered":"https:\/\/numalis.com\/?p=8077"},"modified":"2025-01-24T08:42:07","modified_gmt":"2025-01-24T07:42:07","slug":"numalis-engagement-responsabilite-territoriale-des-entreprises-rte","status":"publish","type":"post","link":"https:\/\/numalis.com\/fr\/numalis-engagement-responsabilite-territoriale-des-entreprises-rte\/","title":{"rendered":"Numalis s\u2019engage dans la Responsabilit\u00e9 Territoriale des Entreprises (RTE) !"},"content":{"rendered":"\n<p>Numalis soutient l\u2019engagement de ses collaborateurs dans des initiatives collectives vertueuses en faveur de la r\u00e9gion et du bien commun.<\/p>\n\n\n\n<p>C\u2019est pourquoi nous avons rejoint le programme \u00ab Futur du travail en Occitanie : osons exp\u00e9rimenter \u00bb, port\u00e9 par <a href=\"https:\/\/www.linkedin.com\/company\/region-occitanie\/\">La R\u00e9gion Occitanie \/ Pyr\u00e9n\u00e9es-M\u00e9diterran\u00e9e<\/a> \u00e0 la <a href=\"https:\/\/www.linkedin.com\/company\/cit%C3%A9-de-l%E2%80%99%C3%A9conomie-et-des-m%C3%A9tiers-de-demain\/\">Cit\u00e9 de l\u2019\u00c9conomie et des M\u00e9tiers de Demain<\/a>.<\/p>\n\n\n\n<p>L\u2019objectif : soutenir nos collaborateurs, mais aussi motiver et inspirer d\u2019autres entreprises \u00e0 rejoindre cette initiative.<\/p>\n\n\n\n<p>20 structures, entreprises et associations porteuses de projets \u00e0 fort impact exp\u00e9rimentent ensemble un temps de travail ouvert \u00e0 l\u2019engagement pour la r\u00e9gion et \u00e0 l\u2019action collective en faveur du bien commun.<\/p>\n\n\n\n<p>Il est primordial de prendre conscience de notre environnement et de celui de nos collaborateurs pour assurer une productivit\u00e9 positive et un d\u00e9veloppement \u00e9conomique b\u00e9n\u00e9fique.<\/p>\n\n\n\n<p>Pour y parvenir, l\u2019effort collectif constitue un levier essentiel.<\/p>\n\n\n\n<p>Dans cette qu\u00eate de sens, les solutions impliquant tous les acteurs en faveur d\u2019un avenir \u00e9conomique, durable et humain sont indispensables.<\/p>\n\n\n\n<p>L\u2019objectif est de faire de l\u2019Occitanie la premi\u00e8re r\u00e9gion \u00e0 \u00e9conomie positive, en apprenant \u00e0 concilier d\u00e9veloppement \u00e9conomique, transition \u00e9cologique et bien-\u00eatre au travail.<\/p>\n\n\n\n<p><strong>Pour en savoir plus :<\/strong> <a href=\"https:\/\/www.citedeleco.laregion.fr\/sites\/default\/files\/2024-02\/programme-expe-cemd-futur-du-travail.pdf\">Programme \u00ab Futur du travail \u00bb<\/a><\/p>\n","protected":false},"excerpt":{"rendered":"<p>Numalis soutient l\u2019engagement de ses collaborateurs dans des initiatives collectives vertueuses en faveur de la r\u00e9gion et du bien commun. C\u2019est pourquoi nous avons rejoint le programme \u00ab Futur du travail en Occitanie : osons exp\u00e9rimenter \u00bb, port\u00e9 par La R\u00e9gion Occitanie \/ Pyr\u00e9n\u00e9es-M\u00e9diterran\u00e9e \u00e0 la Cit\u00e9 de l\u2019\u00c9conomie et des M\u00e9tiers de Demain. L\u2019objectif [&hellip;]<\/p>\n","protected":false},"author":8,"featured_media":6263,"comment_status":"closed","ping_status":"closed","sticky":false,"template":"","format":"standard","meta":{"_acf_changed":false,"_seopress_robots_primary_cat":"none","_seopress_titles_title":"","_seopress_titles_desc":"","_seopress_robots_index":"","footnotes":""},"categories":[151],"tags":[181],"class_list":["post-8077","post","type-post","status-publish","format-standard","has-post-thumbnail","hentry","category-actualite","tag-partenariat"],"acf":[],"_links":{"self":[{"href":"https:\/\/numalis.com\/fr\/wp-json\/wp\/v2\/posts\/8077","targetHints":{"allow":["GET"]}}],"collection":[{"href":"https:\/\/numalis.com\/fr\/wp-json\/wp\/v2\/posts"}],"about":[{"href":"https:\/\/numalis.com\/fr\/wp-json\/wp\/v2\/types\/post"}],"author":[{"embeddable":true,"href":"https:\/\/numalis.com\/fr\/wp-json\/wp\/v2\/users\/8"}],"replies":[{"embeddable":true,"href":"https:\/\/numalis.com\/fr\/wp-json\/wp\/v2\/comments?post=8077"}],"version-history":[{"count":0,"href":"https:\/\/numalis.com\/fr\/wp-json\/wp\/v2\/posts\/8077\/revisions"}],"wp:featuredmedia":[{"embeddable":true,"href":"https:\/\/numalis.com\/fr\/wp-json\/wp\/v2\/media\/6263"}],"wp:attachment":[{"href":"https:\/\/numalis.com\/fr\/wp-json\/wp\/v2\/media?parent=8077"}],"wp:term":[{"taxonomy":"category","embeddable":true,"href":"https:\/\/numalis.com\/fr\/wp-json\/wp\/v2\/categories?post=8077"},{"taxonomy":"post_tag","embeddable":true,"href":"https:\/\/numalis.com\/fr\/wp-json\/wp\/v2\/tags?post=8077"}],"curies":[{"name":"wp","href":"https:\/\/api.w.org\/{rel}","templated":true}]}}